{"id":98,"date":"2017-07-09T16:23:51","date_gmt":"2017-07-09T14:23:51","guid":{"rendered":"http:\/\/zbrojak-hradec.cz\/?p=98"},"modified":"2017-07-11T17:09:24","modified_gmt":"2017-07-11T15:09:24","slug":"k-cemu-zenam-zbran","status":"publish","type":"post","link":"https:\/\/zbrojak-hradec.cz\/?p=98","title":{"rendered":"K \u010demu je \u017een\u00e1m zbra\u0148"},"content":{"rendered":"<h2><img loading=\"lazy\" decoding=\"async\" class=\"alignright wp-image-250 size-medium\" src=\"http:\/\/zbrojak-ostrava.cz\/wp-content\/uploads\/2017\/06\/99bcd68e699d46564a88ef2e245f69e7-300x225.jpg\" alt=\"\" width=\"300\" height=\"225\" \/>Prolog<\/h2>\n<p>Tento \u010dl\u00e1nek bychom cht\u011bli v\u011bnovat pr\u00e1v\u011b \u017een\u00e1m, jeliko\u017e jsou mnohem ohro\u017een\u011bj\u0161\u00ed skupinou, ne\u017e mu\u017ei. Nejsme v Americe, nen\u00ed \u00fapln\u011b b\u011b\u017en\u00e9 nosit a vlastnit zbra\u0148, neu\u010d\u00edme se jej\u00ed pou\u017eit\u00ed od mala a m\u00e1me jen omezen\u00e9 mo\u017enosti v\u00fdcviku. P\u0159esto je v dne\u0161n\u00ed dob\u011b pro \u017eeny vhodn\u00e9, aby si zbrojn\u00ed pr\u016fkaz ud\u011blaly a po\u0159\u00eddily si zbra\u0148.<\/p>\n<p>Mo\u017en\u00e1 m\u00e1te ke zbran\u00edm odpor, mo\u017en\u00e1 to pova\u017eujete za chlapskou z\u00e1le\u017eitost, nebo t\u0159eba st\u00e1le, tak n\u011bjak starosv\u011btsky, spol\u00e9h\u00e1te na to, \u017ee v\u00e1s n\u011bkdo ochr\u00e1n\u00ed. Faktem je ov\u0161em to, \u017ee se spole\u010dnost st\u00e1v\u00e1 \u010d\u00edm d\u00e1l v\u00edce lhostejnou k tomu, co se d\u011bje kolem. Ur\u010dit\u011b u\u017e jste za\u017eily situace, kdy kolemjdouc\u00ed rad\u011bji kouk\u00e1 do telefonu, ne\u017e aby v\u00e1m t\u0159eba pomohl s ta\u0161kou, nebo se zapojil do otev\u0159en\u00e9ho konfliktu. Bohu\u017eel gentlemani pomalu vym\u00edraj\u00ed a v\u011bt\u0161ina lid\u00ed se star\u00e1 jen o sebe a nechce se do ni\u010deho zapl\u00e9st. V takov\u00e9m sv\u011bt\u011b je rozumn\u00e9 myslet na to, abyste se dok\u00e1zaly ubr\u00e1nit samy. Existuj\u00ed zde samoz\u0159ejm\u011b kurzy sebeobrany a n\u011bjak\u00e9 z\u00e1kladn\u00ed pou\u010dky co d\u011blat v krizov\u00fdch situac\u00edch, nicm\u00e9n\u011b se t\u00edm nema\u017ee nap\u0159\u00edklad v\u00e1hov\u00fd rozd\u00edl. \u00dato\u010dn\u00edka m\u016f\u017eete t\u0159eba nakopnout do slabin, nicm\u00e9n\u011b kdy\u017e se dob\u0159e netref\u00edte, je vymalov\u00e1no, a nav\u00edc spousta chlap\u016f pln\u00fdch adrenalinu dok\u00e1\u017ee takov\u00fd \u00fatok ust\u00e1t. V\u00e1hov\u00fd rozd\u00edl neb\u00fdv\u00e1 nepatrn\u00fd a tak i ta nejlep\u0161\u00ed sebeobrana \u010dasto nesta\u010d\u00ed, proto\u017ee jen dost t\u011b\u017eko odvr\u00e1t\u00edte \u00fatok stokilogramov\u00e9ho chlapa.<\/p>\n<p>&nbsp;<\/p>\n<h2>Efektivn\u00ed obrana<\/h2>\n<p>D\u00edky velmi dobr\u00e9 legislativ\u011b v oblasti zbran\u00ed v \u010cesk\u00e9 Republice existuje mo\u017enost aktivn\u00ed obrany zbran\u00ed. Samoz\u0159ejm\u011b, v novin\u00e1ch \u010dtete, \u017ee n\u011bkde n\u011bkdo n\u011bkoho zast\u0159elil leg\u00e1ln\u011b dr\u017eenou zbran\u00ed a potom byl souzen. Ano, v\u017edy po pou\u017eit\u00ed zbran\u011b prob\u00edh\u00e1 vy\u0161et\u0159ov\u00e1n\u00ed a velmi \u010dasto i soudn\u00ed st\u00e1n\u00ed. V\u017edycky jde ale o v\u00fdsledek. V p\u0159\u00edpad\u011b, \u017ee zbra\u0148 pou\u017eije 100kg mu\u017e proti 100kg mu\u017ei, je velmi slo\u017eit\u00e9 dokazov\u00e1n\u00ed, zda se jednalo o nutnou obranu, krajn\u00ed nouzi, ubl\u00ed\u017een\u00ed na zdrav\u00ed \u010di nap\u0159\u00edklad vra\u017edu. P\u0159edstavte si ale situaci, \u017ee se pohybujete po nebezpe\u010dn\u00e9 \u010d\u00e1sti m\u011bsta pozd\u011b v noci a napadne v\u00e1s 100kg mu\u017e a vy ho post\u0159el\u00edte, nebo zast\u0159el\u00edte. Vy\u0161et\u0159ovatel\u016fm je v tuto chv\u00edli vcelku jasn\u00e9, \u017ee jste jinou mo\u017enost obrany nem\u011bla a pravd\u011bpodobn\u011b se p\u0159\u00edpad ani nedostane k soudu. Proto je pro v\u00e1s zbra\u0148 velmi efektivn\u00ed prost\u0159edek obrany, proto\u017ee tam, kde mu\u017e mus\u00ed slo\u017eit\u011b vyhodnocovat situaci, vy prost\u011b vyst\u0159el\u00edte. Samoz\u0159ejm\u011b nelze br\u00e1t tento n\u00e1zor jako n\u00e1vod, situace mohou b\u00fdt r\u016fzn\u00e9, ale obecn\u011b je opravdu posuzov\u00e1n\u00ed dost rozd\u00edln\u00e9 a k \u017een\u00e1m mnohem shov\u00edvav\u011bj\u0161\u00ed.<\/p>\n<p>&nbsp;<\/p>\n<h2>Zbra\u0148 do kabelky<\/h2>\n<p>Myln\u00e1 je samoz\u0159ejm\u011b tak\u00e9 p\u0159edstava, \u017ee zbran\u011b mus\u00ed b\u00fdt velk\u00e9 a t\u011b\u017ek\u00e9. T\u0159eba pistole Kevin nebo proslul\u00fd Derringer se proporcion\u00e1ln\u011b podobaj\u00ed iPhone a maj\u00ed efektivn\u00ed zastavovac\u00ed schopnost. Podobn\u00fdch zbran\u00ed je na trhu n\u011bkolik a v\u011b\u0159te, \u017ee d\u00edky nim budete m\u00edt mnohem lep\u0161\u00ed pocit u\u017e jen t\u0159eba v noci p\u0159i ven\u010den\u00ed psa. Samoz\u0159ejm\u011b na trhu existuj\u00ed tak\u00e9 n\u00e1boje, kter\u00e9 jsou nesmrt\u00edc\u00ed, tzv. Gumov\u00e9 \u010di plastov\u00e9 projektily, tak\u017ee \u00fato\u010dn\u00edka nemus\u00edte nutn\u011b zab\u00edt \u010di v\u00e1\u017en\u011b zranit a p\u0159esto odvr\u00e1t\u00edte \u00fatok. Na druhou stranu &#8211; boj\u00edte se, \u017ee byste n\u011bkomu ubl\u00ed\u017eila? To je pochopiteln\u00e9, ale zamyslete se. Je pro v\u00e1s lep\u0161\u00ed, abyste se stala ob\u011bt\u00ed \u00fatoku, kdy \u00fato\u010dn\u00edk zcela jist\u011b ubl\u00ed\u017e\u00ed v\u00e1m, nebo rad\u011bji ubl\u00ed\u017e\u00edte vy jemu? Jde p\u0159ece o v\u00e1s samotnou, v\u00e1\u0161 \u017eivot, va\u0161e zdrav\u00ed a p\u0159\u00edpadn\u011b \u017eivot a zdrav\u00ed va\u0161ich bl\u00edzk\u00fdch. M\u00edt v kabelce pistoli asi nen\u00ed \u00fapln\u011b cool a m\u016f\u017eete se setkat s t\u00edm, \u017ee v\u00e1s budou odsuzovat, proto\u017ee jak jsem u\u017e zm\u00ednil na za\u010d\u00e1tku, v na\u0161ich kraj\u00edch se na zbran\u011b je\u0161t\u011b st\u00e1le pohl\u00ed\u017e\u00ed tak trochu skrz prsty. \u010casem v\u0161ak p\u0159\u00edjde doba, kdy se na v\u00e1s kamar\u00e1dky obr\u00e1t\u00ed s dotazem, kde a jak si ud\u011blat zbroj\u00e1k, a j\u00e1 jen douf\u00e1m, \u017ee to nebude po n\u011bjak\u00e9 nemil\u00e9 zku\u0161enosti.<\/p>\n<p>&nbsp;<\/p>\n<h2>Nemus\u00edte st\u0159\u00edlet<\/h2>\n<p>Ve v\u011bt\u0161in\u011b situac\u00ed ov\u0161em nejde prim\u00e1rn\u011b o st\u0159elbu, ale o zastra\u0161uj\u00edc\u00ed efekt. V modelov\u00e9 situaci, kdy by na m\u011b vyt\u00e1hla pades\u00e1tikilov\u00e1 sle\u010dna pistoli, zvednu ruce a ustoup\u00edm p\u00e1r krok\u016f dozadu a p\u0159em\u00fd\u0161l\u00edm, jak rychle zmizet. Hraje v\u00e1m do karet stereotyp, kter\u00fd pova\u017euje \u017eeny za labiln\u00ed a \u00fato\u010dn\u00edci obvykle neb\u00fdvaj\u00ed zrovna myslitel\u00e9, tak\u017ee se sterotypy \u0159\u00edd\u00ed. Ostatn\u011b, na internetu existuje n\u011bkolik pr\u016fzkum\u016f, ve kter\u00fdch se p\u00ed\u0161e, \u017ee v\u011bt\u0161ina zlo\u010dinc\u016f na ozbrojen\u00e9 lidi v\u016fbec ne\u00fato\u010d\u00ed, p\u0159\u00edpadn\u011b p\u0159i otev\u0159en\u00e9 konfrontaci vezme nohy na ramena. Oni toti\u017e dob\u0159e v\u011bd\u00ed&#8230; \ud83d\ude42 Velmi nepravd\u011bpodobn\u011b v\u00e1s napadne v temn\u00e9 uli\u010dce \u0159editel bl\u00edzk\u00e9 banky. Obvykle to bude n\u011bjak\u00fd nadr\u017een\u00fd blb, \u010dasto \u010dlov\u011bk, kter\u00fd se u\u017e se zbran\u00ed setkal a v\u00ed co dok\u00e1\u017ee. V takov\u00e9 situaci v podstat\u011b sta\u010d\u00ed zbra\u0148 jen vyt\u00e1hnout z pouzdra, nebo kabelky a nam\u00ed\u0159it, v hor\u0161\u00edm p\u0159\u00edpad\u011b vyst\u0159elit varovn\u00fd v\u00fdst\u0159el a m\u00e1te klid. Situac\u00ed, kdy mus\u00edte opravdu vyst\u0159elit na \u00fato\u010dn\u00edka je zlomek. iPhone v\u00e1m ov\u0161em v takov\u00e9 situaci moc nepom\u016f\u017ee, dokonce ani p\u0159edst\u00edr\u00e1n\u00ed telefonov\u00e1n\u00ed. Policie, a\u010d je rychl\u00e1, v\u00e1s p\u0159ed bezprost\u0159edn\u00ed hrozbou \u00fatoku neochr\u00e1n\u00ed a nezvl\u00e1dne to ani kamerov\u00fd syst\u00e9m. Policie p\u0159\u00edpad sice vy\u0161et\u0159\u00ed, \u00fato\u010dn\u00edka zadr\u017e\u00ed a soudy ho odsoud\u00ed, ale vy u\u017e budete m\u00edt, v tom lep\u0161\u00edm p\u0159\u00edpad\u011b, hnusn\u00fd z\u00e1\u017eitek na cel\u00fd \u017eivot a pr\u00e1v\u011b o tom to je. Prost\u011b abyste se vynula psychick\u00e9 a fyzick\u00e9 \u00fajm\u011b a vzpom\u00ednek se u\u017e nezbav\u00edte po zbytek \u017eivota.<\/p>\n<p>&nbsp;<\/p>\n<div class=\"su-quote su-quote-style-default su-quote-has-cite\"><div class=\"su-quote-inner su-u-clearfix su-u-trim\">B\u016fh stvo\u0159il mu\u017ee siln\u00e9 a mu\u017ee slab\u00e9, a j\u00e1 jsem ten rozd\u00edl vyrovnal. <span class=\"su-quote-cite\">Samuel Colt<\/span><\/div><\/div>\n<p>&nbsp;<\/p>\n<h2>Rodina a bezpe\u010dnost<\/h2>\n<p>Boj\u00edte se, \u017ee se zran\u00ed va\u0161i bl\u00edzc\u00ed, d\u011bti atp. ? Ale tak to v\u016fbec nemus\u00ed b\u00fdt. Po tom, co z\u00edk\u00e1te zbrojn\u00ed pr\u016fkaz, budete v\u011bd\u011bt, jak se zbran\u00ed zach\u00e1zet, jak ji ukl\u00e1dat a jak s n\u00ed bezpe\u010dn\u011b manipulovat. Z\u00edsk\u00e1te ur\u010dit\u00fd p\u0159irozen\u00fd respekt a zbav\u00edte se strachu. Budete p\u0159esn\u011b v\u011bd\u011bt kam a v jak\u00e9m stavu zbra\u0148 ukl\u00e1d\u00e1te a j\u00e1 p\u0159edpokl\u00e1d\u00e1m, \u017ee nebudete cht\u00edt, aby se n\u011bkdo, v\u010detn\u011b v\u00e1s, zranil. Zbran\u011b samy nest\u0159\u00edl\u00ed, je to v\u017edy chyba majitele. U dne\u0161n\u00edch modern\u00edch zbran\u00ed se riziko selh\u00e1n\u00ed minimalizuje na pouh\u00e9 promile p\u0159\u00edpad\u016f a i tak jen za ur\u010dit\u00fdch specifick\u00fdch podm\u00ednek. Zbra\u0148 bez n\u00e1boj\u016f \u010di z\u00e1sobn\u00edku je jen kus kovu\/plastu pou\u017eiteln\u00e1 t\u0159eba k zab\u00edjen\u00ed h\u0159eb\u00edk\u016f. Samoz\u0159ejm\u011b, nebav\u00edme-li se o situaci, kdy ji nam\u00ed\u0159\u00edte na \u00fato\u010dn\u00edka, proto\u017ee ten o absenci n\u00e1boj\u016f nev\u00ed. \u010cili p\u0159i dodr\u017een\u00ed z\u00e1kladn\u00edch pravidel manipulace se riziko zran\u011bn\u00ed t\u00e9m\u011b\u0159 zcela eliminuje.<\/p>\n<p>&nbsp;<\/p>\n<h2>Epilog<\/h2>\n<p>Tento \u010dl\u00e1ne\u010dek nem\u00e1 za c\u00edl p\u0159esv\u011bd\u010dit v\u00e1s, aby se z v\u00e1s stal Rambo, ale objasnit, pro\u010d je pro v\u00e1s vhodn\u00e9 tuto my\u0161lenku nezavrhovat. Samoz\u0159ejm\u011b, mohl jsem zm\u00ednit to, \u017ee se dostanete do spole\u010dnosti zaj\u00edmav\u00fdch lid\u00ed, a v\u011b\u0159te \u017ee zbra\u0148 nemaj\u00ed jen militantn\u00ed \u0161\u00edlenci v mask\u00e1\u010d\u00edch a myslivci, nebo \u017ee budete moci sout\u011b\u017eit, potk\u00e1te nov\u00e9 p\u0159\u00e1tele, atd. Prioritou je pro n\u00e1s va\u0161e bezpe\u010dnost. Z\u00e1bava p\u0159ich\u00e1z\u00ed postupn\u011b. My toti\u017e kurzem nekon\u010d\u00edme. \u0160kol\u00edme sebeobranu beze zbran\u011b, u\u010d\u00edme pou\u017eit\u00ed zbran\u011b v krizov\u00fdch situac\u00edch, po\u0159\u00e1d\u00e1me sout\u011b\u017ee a srazy, prost\u011b sna\u017e\u00edme se na\u0161e absolventy d\u00e1le vzd\u011bl\u00e1vat a bavit, proto\u017ee zbra\u0148 pohozen\u00e1 ve sk\u0159\u00edni nebo trezoru, bez vyu\u017eit\u00ed nepln\u00ed sv\u016fj \u00fa\u010del. R\u00e1di bychom, abyste se se zbran\u00ed s\u017eili a p\u0159ijali ji jako zcela b\u011b\u017enou v\u011bc, ale z\u00e1rove\u0148 neztratili respekt. Ostatn\u011b zbran\u011b u\u017e\u00edv\u00e1te denn\u011b: auta, no\u017ee&#8230; Pistole je jen dal\u0161\u00ed n\u00e1stroj. Nav\u00edc, sou\u010dasn\u00e9 situaci, pokud bude panovat obecn\u00e9 pov\u011bdom\u00ed, \u017ee jsou \u017eeny ozbrojeny, ubyde \u00fatok\u016f i na ty neozbrojen\u00e9 a to u\u017e za to stoj\u00ed.<\/p>\n","protected":false},"excerpt":{"rendered":"<p>Prolog Tento \u010dl\u00e1nek bychom cht\u011bli v\u011bnovat pr\u00e1v\u011b \u017een\u00e1m, jeliko\u017e jsou mnohem ohro\u017een\u011bj\u0161\u00ed skupinou, ne\u017e mu\u017ei. Nejsme v Americe, nen\u00ed \u00fapln\u011b b\u011b\u017en\u00e9 nosit a vlastnit zbra\u0148, neu\u010d\u00edme se jej\u00ed pou\u017eit\u00ed od [&hellip;]<\/p>\n","protected":false},"author":1,"featured_media":112,"comment_status":"closed","ping_status":"closed","sticky":false,"template":"","format":"standard","meta":{"_acf_changed":false,"footnotes":""},"categories":[84],"tags":[87,50,73,88,86,89,90,72,6,8,85],"class_list":["post-98","post","type-post","status-publish","format-standard","has-post-thumbnail","hentry","category-clanky","tag-divky","tag-hradec","tag-hradec-kralove","tag-obrana","tag-proc-mit-zbran","tag-sebeobrana","tag-strelna-zbran","tag-zbrane","tag-zbrojak","tag-zbrojni-prukaz","tag-zeny"],"acf":[],"yoast_head":"<!-- This site is optimized with the Yoast SEO plugin v25.3.1 - https:\/\/yoast.com\/wordpress\/plugins\/seo\/ -->\n<title>K \u010demu je \u017een\u00e1m zbra\u0148 - Zbroj\u00e1k Hradec Kr\u00e1lov\u00e9 - zbrojn\u00ed pr\u016fkazy<\/title>\n<meta name=\"robots\" content=\"index, follow, max-snippet:-1, max-image-preview:large, max-video-preview:-1\" \/>\n<link rel=\"canonical\" href=\"https:\/\/zbrojak-hradec.cz\/?p=98\" \/>\n<meta property=\"og:locale\" content=\"cs_CZ\" \/>\n<meta property=\"og:type\" content=\"article\" \/>\n<meta property=\"og:title\" content=\"K \u010demu je \u017een\u00e1m zbra\u0148 - Zbroj\u00e1k Hradec Kr\u00e1lov\u00e9 - zbrojn\u00ed pr\u016fkazy\" \/>\n<meta property=\"og:description\" content=\"Prolog Tento \u010dl\u00e1nek bychom cht\u011bli v\u011bnovat pr\u00e1v\u011b \u017een\u00e1m, jeliko\u017e jsou mnohem ohro\u017een\u011bj\u0161\u00ed skupinou, ne\u017e mu\u017ei. Nejsme v Americe, nen\u00ed \u00fapln\u011b b\u011b\u017en\u00e9 nosit a vlastnit zbra\u0148, neu\u010d\u00edme se jej\u00ed pou\u017eit\u00ed od [&hellip;]\" \/>\n<meta property=\"og:url\" content=\"https:\/\/zbrojak-hradec.cz\/?p=98\" \/>\n<meta property=\"og:site_name\" content=\"Zbroj\u00e1k Hradec Kr\u00e1lov\u00e9 - zbrojn\u00ed pr\u016fkazy\" \/>\n<meta property=\"article:publisher\" content=\"https:\/\/www.facebook.com\/Zbroj%c3%a1k-Hradec-Kr%c3%a1lov%c3%a9-1187360928059073\/?fref=ts\" \/>\n<meta property=\"article:published_time\" content=\"2017-07-09T14:23:51+00:00\" \/>\n<meta property=\"article:modified_time\" content=\"2017-07-11T15:09:24+00:00\" \/>\n<meta property=\"og:image\" content=\"https:\/\/zbrojak-hradec.cz\/wp-content\/uploads\/2017\/07\/pexels-photo-94303.jpeg\" \/>\n\t<meta property=\"og:image:width\" content=\"2500\" \/>\n\t<meta property=\"og:image:height\" content=\"1667\" \/>\n\t<meta property=\"og:image:type\" content=\"image\/jpeg\" \/>\n<meta name=\"author\" content=\"admin\" \/>\n<meta name=\"twitter:card\" content=\"summary_large_image\" \/>\n<meta name=\"twitter:label1\" content=\"Napsal(a)\" \/>\n\t<meta name=\"twitter:data1\" content=\"admin\" \/>\n\t<meta name=\"twitter:label2\" content=\"Odhadovan\u00e1 doba \u010dten\u00ed\" \/>\n\t<meta name=\"twitter:data2\" content=\"8 minut\" \/>\n<script type=\"application\/ld+json\" class=\"yoast-schema-graph\">{\"@context\":\"https:\/\/schema.org\",\"@graph\":[{\"@type\":\"WebPage\",\"@id\":\"https:\/\/zbrojak-hradec.cz\/?p=98\",\"url\":\"https:\/\/zbrojak-hradec.cz\/?p=98\",\"name\":\"K \u010demu je \u017een\u00e1m zbra\u0148 - Zbroj\u00e1k Hradec Kr\u00e1lov\u00e9 - zbrojn\u00ed pr\u016fkazy\",\"isPartOf\":{\"@id\":\"https:\/\/zbrojak-hradec.cz\/#website\"},\"primaryImageOfPage\":{\"@id\":\"https:\/\/zbrojak-hradec.cz\/?p=98#primaryimage\"},\"image\":{\"@id\":\"https:\/\/zbrojak-hradec.cz\/?p=98#primaryimage\"},\"thumbnailUrl\":\"https:\/\/zbrojak-hradec.cz\/wp-content\/uploads\/2017\/07\/pexels-photo-94303.jpeg\",\"datePublished\":\"2017-07-09T14:23:51+00:00\",\"dateModified\":\"2017-07-11T15:09:24+00:00\",\"author\":{\"@id\":\"https:\/\/zbrojak-hradec.cz\/#\/schema\/person\/86084a4118df20e5423d135b19127d27\"},\"breadcrumb\":{\"@id\":\"https:\/\/zbrojak-hradec.cz\/?p=98#breadcrumb\"},\"inLanguage\":\"cs\",\"potentialAction\":[{\"@type\":\"ReadAction\",\"target\":[\"https:\/\/zbrojak-hradec.cz\/?p=98\"]}]},{\"@type\":\"ImageObject\",\"inLanguage\":\"cs\",\"@id\":\"https:\/\/zbrojak-hradec.cz\/?p=98#primaryimage\",\"url\":\"https:\/\/zbrojak-hradec.cz\/wp-content\/uploads\/2017\/07\/pexels-photo-94303.jpeg\",\"contentUrl\":\"https:\/\/zbrojak-hradec.cz\/wp-content\/uploads\/2017\/07\/pexels-photo-94303.jpeg\",\"width\":2500,\"height\":1667},{\"@type\":\"BreadcrumbList\",\"@id\":\"https:\/\/zbrojak-hradec.cz\/?p=98#breadcrumb\",\"itemListElement\":[{\"@type\":\"ListItem\",\"position\":1,\"name\":\"Dom\u016f\",\"item\":\"https:\/\/zbrojak-hradec.cz\/\"},{\"@type\":\"ListItem\",\"position\":2,\"name\":\"K \u010demu je \u017een\u00e1m zbra\u0148\"}]},{\"@type\":\"WebSite\",\"@id\":\"https:\/\/zbrojak-hradec.cz\/#website\",\"url\":\"https:\/\/zbrojak-hradec.cz\/\",\"name\":\"Zbroj\u00e1k Hradec Kr\u00e1lov\u00e9 - zbrojn\u00ed pr\u016fkazy\",\"description\":\"Kurzy ke z\u00edsk\u00e1n\u00ed ZP v Hradci Kr\u00e1lov\u00e9 a okol\u00ed\",\"potentialAction\":[{\"@type\":\"SearchAction\",\"target\":{\"@type\":\"EntryPoint\",\"urlTemplate\":\"https:\/\/zbrojak-hradec.cz\/?s={search_term_string}\"},\"query-input\":{\"@type\":\"PropertyValueSpecification\",\"valueRequired\":true,\"valueName\":\"search_term_string\"}}],\"inLanguage\":\"cs\"},{\"@type\":\"Person\",\"@id\":\"https:\/\/zbrojak-hradec.cz\/#\/schema\/person\/86084a4118df20e5423d135b19127d27\",\"name\":\"admin\",\"image\":{\"@type\":\"ImageObject\",\"inLanguage\":\"cs\",\"@id\":\"https:\/\/zbrojak-hradec.cz\/#\/schema\/person\/image\/\",\"url\":\"https:\/\/secure.gravatar.com\/avatar\/8d61c496b812050c1e525575761e484329453e0cc1244da17fb6998902375c79?s=96&d=mm&r=g\",\"contentUrl\":\"https:\/\/secure.gravatar.com\/avatar\/8d61c496b812050c1e525575761e484329453e0cc1244da17fb6998902375c79?s=96&d=mm&r=g\",\"caption\":\"admin\"}}]}<\/script>\n<!-- \/ Yoast SEO plugin. -->","yoast_head_json":{"title":"K \u010demu je \u017een\u00e1m zbra\u0148 - Zbroj\u00e1k Hradec Kr\u00e1lov\u00e9 - zbrojn\u00ed pr\u016fkazy","robots":{"index":"index","follow":"follow","max-snippet":"max-snippet:-1","max-image-preview":"max-image-preview:large","max-video-preview":"max-video-preview:-1"},"canonical":"https:\/\/zbrojak-hradec.cz\/?p=98","og_locale":"cs_CZ","og_type":"article","og_title":"K \u010demu je \u017een\u00e1m zbra\u0148 - Zbroj\u00e1k Hradec Kr\u00e1lov\u00e9 - zbrojn\u00ed pr\u016fkazy","og_description":"Prolog Tento \u010dl\u00e1nek bychom cht\u011bli v\u011bnovat pr\u00e1v\u011b \u017een\u00e1m, jeliko\u017e jsou mnohem ohro\u017een\u011bj\u0161\u00ed skupinou, ne\u017e mu\u017ei. Nejsme v Americe, nen\u00ed \u00fapln\u011b b\u011b\u017en\u00e9 nosit a vlastnit zbra\u0148, neu\u010d\u00edme se jej\u00ed pou\u017eit\u00ed od [&hellip;]","og_url":"https:\/\/zbrojak-hradec.cz\/?p=98","og_site_name":"Zbroj\u00e1k Hradec Kr\u00e1lov\u00e9 - zbrojn\u00ed pr\u016fkazy","article_publisher":"https:\/\/www.facebook.com\/Zbroj%c3%a1k-Hradec-Kr%c3%a1lov%c3%a9-1187360928059073\/?fref=ts","article_published_time":"2017-07-09T14:23:51+00:00","article_modified_time":"2017-07-11T15:09:24+00:00","og_image":[{"width":2500,"height":1667,"url":"https:\/\/zbrojak-hradec.cz\/wp-content\/uploads\/2017\/07\/pexels-photo-94303.jpeg","type":"image\/jpeg"}],"author":"admin","twitter_card":"summary_large_image","twitter_misc":{"Napsal(a)":"admin","Odhadovan\u00e1 doba \u010dten\u00ed":"8 minut"},"schema":{"@context":"https:\/\/schema.org","@graph":[{"@type":"WebPage","@id":"https:\/\/zbrojak-hradec.cz\/?p=98","url":"https:\/\/zbrojak-hradec.cz\/?p=98","name":"K \u010demu je \u017een\u00e1m zbra\u0148 - Zbroj\u00e1k Hradec Kr\u00e1lov\u00e9 - zbrojn\u00ed pr\u016fkazy","isPartOf":{"@id":"https:\/\/zbrojak-hradec.cz\/#website"},"primaryImageOfPage":{"@id":"https:\/\/zbrojak-hradec.cz\/?p=98#primaryimage"},"image":{"@id":"https:\/\/zbrojak-hradec.cz\/?p=98#primaryimage"},"thumbnailUrl":"https:\/\/zbrojak-hradec.cz\/wp-content\/uploads\/2017\/07\/pexels-photo-94303.jpeg","datePublished":"2017-07-09T14:23:51+00:00","dateModified":"2017-07-11T15:09:24+00:00","author":{"@id":"https:\/\/zbrojak-hradec.cz\/#\/schema\/person\/86084a4118df20e5423d135b19127d27"},"breadcrumb":{"@id":"https:\/\/zbrojak-hradec.cz\/?p=98#breadcrumb"},"inLanguage":"cs","potentialAction":[{"@type":"ReadAction","target":["https:\/\/zbrojak-hradec.cz\/?p=98"]}]},{"@type":"ImageObject","inLanguage":"cs","@id":"https:\/\/zbrojak-hradec.cz\/?p=98#primaryimage","url":"https:\/\/zbrojak-hradec.cz\/wp-content\/uploads\/2017\/07\/pexels-photo-94303.jpeg","contentUrl":"https:\/\/zbrojak-hradec.cz\/wp-content\/uploads\/2017\/07\/pexels-photo-94303.jpeg","width":2500,"height":1667},{"@type":"BreadcrumbList","@id":"https:\/\/zbrojak-hradec.cz\/?p=98#breadcrumb","itemListElement":[{"@type":"ListItem","position":1,"name":"Dom\u016f","item":"https:\/\/zbrojak-hradec.cz\/"},{"@type":"ListItem","position":2,"name":"K \u010demu je \u017een\u00e1m zbra\u0148"}]},{"@type":"WebSite","@id":"https:\/\/zbrojak-hradec.cz\/#website","url":"https:\/\/zbrojak-hradec.cz\/","name":"Zbroj\u00e1k Hradec Kr\u00e1lov\u00e9 - zbrojn\u00ed pr\u016fkazy","description":"Kurzy ke z\u00edsk\u00e1n\u00ed ZP v Hradci Kr\u00e1lov\u00e9 a okol\u00ed","potentialAction":[{"@type":"SearchAction","target":{"@type":"EntryPoint","urlTemplate":"https:\/\/zbrojak-hradec.cz\/?s={search_term_string}"},"query-input":{"@type":"PropertyValueSpecification","valueRequired":true,"valueName":"search_term_string"}}],"inLanguage":"cs"},{"@type":"Person","@id":"https:\/\/zbrojak-hradec.cz\/#\/schema\/person\/86084a4118df20e5423d135b19127d27","name":"admin","image":{"@type":"ImageObject","inLanguage":"cs","@id":"https:\/\/zbrojak-hradec.cz\/#\/schema\/person\/image\/","url":"https:\/\/secure.gravatar.com\/avatar\/8d61c496b812050c1e525575761e484329453e0cc1244da17fb6998902375c79?s=96&d=mm&r=g","contentUrl":"https:\/\/secure.gravatar.com\/avatar\/8d61c496b812050c1e525575761e484329453e0cc1244da17fb6998902375c79?s=96&d=mm&r=g","caption":"admin"}}]}},"_links":{"self":[{"href":"https:\/\/zbrojak-hradec.cz\/index.php?rest_route=\/wp\/v2\/posts\/98","targetHints":{"allow":["GET"]}}],"collection":[{"href":"https:\/\/zbrojak-hradec.cz\/index.php?rest_route=\/wp\/v2\/posts"}],"about":[{"href":"https:\/\/zbrojak-hradec.cz\/index.php?rest_route=\/wp\/v2\/types\/post"}],"author":[{"embeddable":true,"href":"https:\/\/zbrojak-hradec.cz\/index.php?rest_route=\/wp\/v2\/users\/1"}],"replies":[{"embeddable":true,"href":"https:\/\/zbrojak-hradec.cz\/index.php?rest_route=%2Fwp%2Fv2%2Fcomments&post=98"}],"version-history":[{"count":2,"href":"https:\/\/zbrojak-hradec.cz\/index.php?rest_route=\/wp\/v2\/posts\/98\/revisions"}],"predecessor-version":[{"id":100,"href":"https:\/\/zbrojak-hradec.cz\/index.php?rest_route=\/wp\/v2\/posts\/98\/revisions\/100"}],"wp:featuredmedia":[{"embeddable":true,"href":"https:\/\/zbrojak-hradec.cz\/index.php?rest_route=\/wp\/v2\/media\/112"}],"wp:attachment":[{"href":"https:\/\/zbrojak-hradec.cz\/index.php?rest_route=%2Fwp%2Fv2%2Fmedia&parent=98"}],"wp:term":[{"taxonomy":"category","embeddable":true,"href":"https:\/\/zbrojak-hradec.cz\/index.php?rest_route=%2Fwp%2Fv2%2Fcategories&post=98"},{"taxonomy":"post_tag","embeddable":true,"href":"https:\/\/zbrojak-hradec.cz\/index.php?rest_route=%2Fwp%2Fv2%2Ftags&post=98"}],"curies":[{"name":"wp","href":"https:\/\/api.w.org\/{rel}","templated":true}]}}